{"id":13138,"date":"2022-01-26T12:22:37","date_gmt":"2022-01-26T12:22:37","guid":{"rendered":"https:\/\/www.studiolegalemigliazza.it\/?p=13138"},"modified":"2022-01-26T12:22:43","modified_gmt":"2022-01-26T12:22:43","slug":"quarantena-e-isolamento-da-covid-19-tutto-cio-che-devi-sapere","status":"publish","type":"post","link":"https:\/\/studiolegalemigliazza.it\/en\/quarantena-e-isolamento-da-covid-19-tutto-cio-che-devi-sapere\/","title":{"rendered":"Quarantena e isolamento da Covid-19: tutto ci\u00f2 che devi sapere"},"content":{"rendered":"<h4 class=\"wp-block-heading\" id=\"cosa-fare-se-si-risulta-positivi-con-sintomi-al-covid-19-e-se-invece-si-e-asintomatici-cosa-succede-se-si-e-entrati-a-contatto-con-un-caso-accertato-di-covid-19-in-questo-articolo-rispondiamo-a-queste-ed-altre-domande\">Cosa fare se si risulta positivi con sintomi al Covid-19? E se invece si \u00e8 asintomatici? Cosa succede se si \u00e8 entrati a contatto con un caso accertato di Covid-19? In questo articolo rispondiamo a queste ed altre domande.&nbsp;<\/h4>\n\n\n\n<p>Uno degli aspetti cruciali per controllare la diffusione dell\u2019epidemia da Covid-19 risulta essere quello della <strong>corretta gestione della quarantena e dell\u2019isolamento<\/strong> per le persone che sono state potenzialmente contagiate o sono infette.&nbsp;<\/p>\n\n\n\n<p>Recentemente &#8211; e sulla base di nuove evidenze epidemiologiche e scientifiche derivanti dalle indicazioni degli organismi internazionali &#8211; il Ministero della Salute italiano ha apportato alcune <strong>modifiche <\/strong>sulle regole che i cittadini devono necessariamente seguire in caso di contatto stretto con persone positive o in caso di contagio.<\/p>\n\n\n\n<p>Vediamo nel dettaglio cosa fare.<\/p>\n\n\n\n<h1 class=\"wp-block-heading\" id=\"quarantena-e-isolamento-le-differenze\"><strong>Quarantena e isolamento: le differenze<\/strong><\/h1>\n\n\n\n<p>Prima di addentrarci nella questione principale, \u00e8 bene fare un passo indietro e cercare di capire le differenze sostanziali tra quarantena ed isolamento, chiarite dalla stessa circolare del Ministero della Salute.&nbsp;<\/p>\n\n\n\n<h3 class=\"wp-block-heading\" id=\"quarantena\"><strong>Quarantena<\/strong><\/h3>\n\n\n\n<p>La quarantena riguarda tutte quelle<strong> persone sane che sono venute a contatto con un positivo<\/strong>. Di conseguenza potrebbero potenzialmente essere esposte al rischio infettivo.&nbsp;<\/p>\n\n\n\n<p>L\u2019obiettivo della quarantena \u00e8 quello di monitorare i sintomi e di assicurare una tempestiva identificazione dei casi.<\/p>\n\n\n\n<p>Le nuove norme sulla quarantena &#8211; per coloro che hanno avuto un contatto stretto con un positivo &#8211; cambiano a seconda se:<\/p>\n\n\n\n<ul class=\"wp-block-list\"><li>si \u00e8 vaccinati con cosiddetto ciclo vaccinale &#8216;primario&#8217; &#8211; ovvero se si \u00e8 ricevuta la prima e la seconda dose;<\/li><li>si \u00e8 vaccinati con terza dose o con dose booster;<\/li><li>non si \u00e8 vaccinati.<\/li><\/ul>\n\n\n\n<h3 class=\"wp-block-heading\" id=\"isolamento\"><strong>Isolamento<\/strong><\/h3>\n\n\n\n<p>Il cosiddetto isolamento fiduciario riguarda soltanto coloro che sono i <strong>casi accertati di Covid-19<\/strong> &#8211; ovvero che siano risultati<strong> positivi al tampone<\/strong>. In questo caso devono allontanarsi da tutti gli altri soggetti, evitare cos\u00ec che avvenga la trasmissione dell\u2019infezione.&nbsp;&nbsp;<\/p>\n\n\n\n<p>Il periodo di contagiosit\u00e0 non \u00e8 per tutti uguale e pu\u00f2 essere diverso a seconda della presenza o meno dei sintomi. La durata dell\u2019isolamento \u00e8 quindi soggetta a variazioni.&nbsp;&nbsp;<\/p>\n\n\n\n<h1 class=\"wp-block-heading\" id=\"quando-e-a-chi-spetta-la-quarantena\"><strong>Quando e a chi spetta la quarantena<\/strong><\/h1>\n\n\n\n<p>La quarantena spetterebbe sempre e comunque a tutti quei contatti stretti di casi confermati. In realt\u00e0 oggi l\u2019obbligo di quarantena \u00e8 previsto <strong>soltanto per alcune categorie di persone e a seconda dello stato vaccinale<\/strong>.&nbsp;<\/p>\n\n\n\n<p>Gli obblighi sono infatti diversi tra i vaccinati &#8211; persone che abbiamo ricevuto la seconda dose da almeno 14 giorni &#8211; , i non vaccinati e coloro che hanno gi\u00e0 ricevuto la terza dose.&nbsp;&nbsp;<\/p>\n\n\n\n<p><em>Che cosa vuol dire?&nbsp;<\/em><\/p>\n\n\n\n<p>Se la vaccinazione prevede due dosi, il contatto stretto \u00e8 considerato come un non-vaccinato nel caso in cui non abbia ancora ricevuto la seconda dose oppure che l&#8217;abbia ricevuta da meno di 14 giorni. Anche una persona guarita e che ha ricevuto una sola dose di vaccino \u00e8 considerata come se avesse completato il ciclo primario, perch\u00e9 la contrazione dell\u2019infezione viene equiparata alla prima somministrazione.<\/p>\n\n\n\n<h1 class=\"wp-block-heading\" id=\"quanto-dura-la-quarantena\"><strong>Quanto dura la quarantena?&nbsp;<\/strong><\/h1>\n\n\n\n<p>Come anticipato, la durata della quarantena varia a seconda di soggetti non vaccinati o vaccinati. Vediamo nel dettaglio le differenze.&nbsp;<\/p>\n\n\n\n<h3 class=\"wp-block-heading\" id=\"se-il-contatto-stretto-non-e-vaccinato\"><strong>Se il contatto stretto non \u00e8 vaccinato<\/strong><\/h3>\n\n\n\n<p>La durata della quarantena \u00e8 di 10 giorni dall\u2019ultima esposizione al contatto stretto. Per la fine della quarantena \u00e8 previsto l\u2019obbligo di conferma con un tampone (antigenico o molecolare) negativo.<\/p>\n\n\n\n<h3 class=\"wp-block-heading\" id=\"se-il-contatto-stretto-e-vaccinato\"><strong>Se il contatto stretto \u00e8 vaccinato<\/strong><\/h3>\n\n\n\n<p>La durata della quarantena varia a seconda dello stato vaccinale:<\/p>\n\n\n\n<ul class=\"wp-block-list\"><li><strong>Per chi \u00e8 guarito dal Covid da meno di 4 mesi, per chi \u00e8 stato vaccinato con la seconda dose da meno di 4 mesi e per chi ha ricevuto la terza dose, la quarantena non \u00e8 pi\u00f9 prevista<\/strong>. Ci\u00f2 che si richiede \u00e8 di monitorare che non si presentino i sintomi nei 5 giorni successivi al contatto stretto e di indossare una mascherina FFP2 per i 10 giorni successivi al contatto a rischio. Se compaiono sintomi durante il periodo di auto-sorveglianza \u00e8 assolutamente necessario fare subito un tampone (molecolare o antigenico) per capire se si \u00e8 positivi o meno. Se i sintomi persistono, il tampone deve essere ripetuto nuovamente al quinto giorno dall\u2019ultimo contatto stretto;<\/li><\/ul>\n\n\n\n<ul class=\"wp-block-list\"><li><strong>Per chi \u00e8 stato vaccinato con la seconda dose da pi\u00f9 4 mesi, ma ha il green pass ancora valido, in assenza di sintomi la quarantena pu\u00f2 durare 5 giorni<\/strong>, sempre se al termine di questo periodo si risulti negativi al tampone molecolare o antigenico, previsto obbligatoriamente. Qualora fossero presenti sintomi, il periodo di quarantena si estende a 10 giorni. Per coloro che hanno il green pass rafforzato scaduto il periodo di quarantena dura 10 giorni;&nbsp;<\/li><\/ul>\n\n\n\n<ul class=\"wp-block-list\"><li><strong>Per chi \u00e8 stato vaccinato con una sola dose o con due dosi da meno di 14 giorni, la quarantena dura 10 giorni<\/strong> come per i non vaccinati e segue le stesse modalit\u00e0.<\/li><\/ul>\n\n\n\n<h1 class=\"wp-block-heading\" id=\"chi-non-e-piu-tenuto-a-stare-in-quarantena\"><strong>Chi non \u00e8 pi\u00f9 tenuto a stare in quarantena<\/strong><\/h1>\n\n\n\n<ul class=\"wp-block-list\"><li>vaccinati con la dose di richiamo;<\/li><li>vaccinati con la seconda dose di vaccino Pfizer, Moderna o Astrazeneca da meno di 4 mesi;<\/li><li>guariti e vaccinati con una dose di vaccino da meno di quattro mesi;<\/li><li>guariti dal Covid da meno di quattro mesi.<\/li><\/ul>\n\n\n\n<div class=\"wp-block-image\"><figure class=\"aligncenter size-large\"><img fetchpriority=\"high\" decoding=\"async\" width=\"1024\" height=\"1024\" src=\"https:\/\/studiolegalemigliazza.it\/wp-content\/uploads\/2022\/01\/Crema-e-Marrone-Minimal-Super-Svendita-Annuale-Post-di-Instagram-1-1024x1024.png\" alt=\"isolamento quarantena covid\" class=\"wp-image-13139\" srcset=\"https:\/\/studiolegalemigliazza.it\/wp-content\/uploads\/2022\/01\/Crema-e-Marrone-Minimal-Super-Svendita-Annuale-Post-di-Instagram-1-1024x1024.png 1024w, https:\/\/studiolegalemigliazza.it\/wp-content\/uploads\/2022\/01\/Crema-e-Marrone-Minimal-Super-Svendita-Annuale-Post-di-Instagram-1-300x300.png 300w, https:\/\/studiolegalemigliazza.it\/wp-content\/uploads\/2022\/01\/Crema-e-Marrone-Minimal-Super-Svendita-Annuale-Post-di-Instagram-1-150x150.png 150w, https:\/\/studiolegalemigliazza.it\/wp-content\/uploads\/2022\/01\/Crema-e-Marrone-Minimal-Super-Svendita-Annuale-Post-di-Instagram-1-768x768.png 768w, https:\/\/studiolegalemigliazza.it\/wp-content\/uploads\/2022\/01\/Crema-e-Marrone-Minimal-Super-Svendita-Annuale-Post-di-Instagram-1.png 1080w\" sizes=\"(max-width: 1024px) 100vw, 1024px\" \/><\/figure><\/div>\n\n\n\n<h1 class=\"wp-block-heading\" id=\"isolamento-cosa-fare-in-caso-di-tampone-positivo-e-sintomi\"><strong>Isolamento: cosa fare in caso di tampone positivo e sintomi<\/strong><\/h1>\n\n\n\n<p>Ecco cosa si deve fare per poter nuovamente tornare ad avere contatti sociali:&nbsp;<\/p>\n\n\n\n<ul class=\"wp-block-list\"><li><strong>aspettare almeno 10 giorni dalla comparsa dei sintomi;<\/strong><\/li><li><strong>aver effettuato un test molecolare con esito negativo dopo almeno 3 giorni senza sintomi<\/strong>.&nbsp;<\/li><\/ul>\n\n\n\n<p>E\u2019 bene sottolineare che come sintomi non vengono presi in considerazione la perdita di olfatto e la perdita di gusto, poich\u00e9 possono avere una persistenza particolarmente prolungata nel tempo.<\/p>\n\n\n\n<p>Per la Certificazione di avvenuta guarigione al momento sono esclusi:&nbsp;<\/p>\n\n\n\n<ul class=\"wp-block-list\"><li>test sierologici<\/li><li>test antigenici rapidi su saliva<\/li><li>autotest rapidi<\/li><\/ul>\n\n\n\n<h1 class=\"wp-block-heading\" id=\"isolamento-cosa-fare-con-tampone-positivo-e-assenza-di-sintomi\"><strong>Isolamento: cosa fare con tampone positivo e assenza di sintomi<\/strong><\/h1>\n\n\n\n<p>Gli asintomatici con tampone positivo possono ritornare alla propria vita sociale soltanto dopo:<\/p>\n\n\n\n<ul class=\"wp-block-list\"><li>un periodo di isolamento fiduciario della durata di almeno 10 giorni dalla positivizzazione;<\/li><li>un ulteriore tampone con risultato negativo.<\/li><\/ul>\n\n\n\n<p>Se vaccinati con 3 dosi (la cosiddetta dose booster) o con 2 dosi da meno di 120 giorni, l\u2019isolamento viene ridotto a 7 giorni, sempre che:<\/p>\n\n\n\n<ul class=\"wp-block-list\"><li>siano sempre stati asintomatici;<\/li><li>risultino asintomatici da almeno 3 giorni;<\/li><li>test molecolare o antigenico rapido negativo.<\/li><\/ul>","protected":false},"excerpt":{"rendered":"<p>Cosa fare se si risulta positivi con sintomi al Covid-19? E se invece si \u00e8 asintomatici? Cosa succede se si \u00e8 entrati a contatto con un caso accertato di Covid-19? In questo articolo rispondiamo a queste ed altre domande.&nbsp; Uno degli aspetti cruciali per controllare la diffusione dell\u2019epidemia da Covid-19 risulta essere quello della corretta [&hellip;]<\/p>\n","protected":false},"author":3,"featured_media":13140,"comment_status":"open","ping_status":"open","sticky":false,"template":"","format":"standard","meta":{"site-sidebar-layout":"default","site-content-layout":"","ast-site-content-layout":"default","site-content-style":"default","site-sidebar-style":"default","ast-global-header-display":"","ast-banner-title-visibility":"","ast-main-header-display":"","ast-hfb-above-header-display":"","ast-hfb-below-header-display":"","ast-hfb-mobile-header-display":"","site-post-title":"","ast-breadcrumbs-content":"","ast-featured-img":"","footer-sml-layout":"","ast-disable-related-posts":"","theme-transparent-header-meta":"","adv-header-id-meta":"","stick-header-meta":"","header-above-stick-meta":"","header-main-stick-meta":"","header-below-stick-meta":"","astra-migrate-meta-layouts":"default","ast-page-background-enabled":"default","ast-page-background-meta":{"desktop":{"background-color":"","background-image":"","background-repeat":"repeat","background-position":"center center","background-size":"auto","background-attachment":"scroll","background-type":"","background-media":"","overlay-type":"","overlay-color":"","overlay-opacity":"","overlay-gradient":""},"tablet":{"background-color":"","background-image":"","background-repeat":"repeat","background-position":"center center","background-size":"auto","background-attachment":"scroll","background-type":"","background-media":"","overlay-type":"","overlay-color":"","overlay-opacity":"","overlay-gradient":""},"mobile":{"background-color":"","background-image":"","background-repeat":"repeat","background-position":"center center","background-size":"auto","background-attachment":"scroll","background-type":"","background-media":"","overlay-type":"","overlay-color":"","overlay-opacity":"","overlay-gradient":""}},"ast-content-background-meta":{"desktop":{"background-color":"var(--ast-global-color-5)","background-image":"","background-repeat":"repeat","background-position":"center center","background-size":"auto","background-attachment":"scroll","background-type":"","background-media":"","overlay-type":"","overlay-color":"","overlay-opacity":"","overlay-gradient":""},"tablet":{"background-color":"var(--ast-global-color-5)","background-image":"","background-repeat":"repeat","background-position":"center center","background-size":"auto","background-attachment":"scroll","background-type":"","background-media":"","overlay-type":"","overlay-color":"","overlay-opacity":"","overlay-gradient":""},"mobile":{"background-color":"var(--ast-global-color-5)","background-image":"","background-repeat":"repeat","background-position":"center center","background-size":"auto","background-attachment":"scroll","background-type":"","background-media":"","overlay-type":"","overlay-color":"","overlay-opacity":"","overlay-gradient":""}},"footnotes":""},"categories":[43],"tags":[45,54,53,56],"class_list":["post-13138","post","type-post","status-publish","format-standard","has-post-thumbnail","hentry","category-lavoro","tag-covid","tag-isolamento","tag-lavoro","tag-quarantena"],"_links":{"self":[{"href":"https:\/\/studiolegalemigliazza.it\/en\/wp-json\/wp\/v2\/posts\/13138","targetHints":{"allow":["GET"]}}],"collection":[{"href":"https:\/\/studiolegalemigliazza.it\/en\/wp-json\/wp\/v2\/posts"}],"about":[{"href":"https:\/\/studiolegalemigliazza.it\/en\/wp-json\/wp\/v2\/types\/post"}],"author":[{"embeddable":true,"href":"https:\/\/studiolegalemigliazza.it\/en\/wp-json\/wp\/v2\/users\/3"}],"replies":[{"embeddable":true,"href":"https:\/\/studiolegalemigliazza.it\/en\/wp-json\/wp\/v2\/comments?post=13138"}],"version-history":[{"count":0,"href":"https:\/\/studiolegalemigliazza.it\/en\/wp-json\/wp\/v2\/posts\/13138\/revisions"}],"wp:featuredmedia":[{"embeddable":true,"href":"https:\/\/studiolegalemigliazza.it\/en\/wp-json\/wp\/v2\/media\/13140"}],"wp:attachment":[{"href":"https:\/\/studiolegalemigliazza.it\/en\/wp-json\/wp\/v2\/media?parent=13138"}],"wp:term":[{"taxonomy":"category","embeddable":true,"href":"https:\/\/studiolegalemigliazza.it\/en\/wp-json\/wp\/v2\/categories?post=13138"},{"taxonomy":"post_tag","embeddable":true,"href":"https:\/\/studiolegalemigliazza.it\/en\/wp-json\/wp\/v2\/tags?post=13138"}],"curies":[{"name":"wp","href":"https:\/\/api.w.org\/{rel}","templated":true}]}}