{"id":12796,"date":"2021-03-26T14:45:26","date_gmt":"2021-03-26T14:45:26","guid":{"rendered":"https:\/\/studiolegalemigliazza.it\/?p=12796"},"modified":"2021-06-12T14:50:16","modified_gmt":"2021-06-12T14:50:16","slug":"covid-in-azienda-lavoratori-adempimenti-del-datore-di-lavoro","status":"publish","type":"post","link":"https:\/\/studiolegalemigliazza.it\/en\/covid-in-azienda-lavoratori-adempimenti-del-datore-di-lavoro\/","title":{"rendered":"COVID IN AZIENDA: DOVERI DEL DATORE"},"content":{"rendered":"<p style=\"text-align: justify;\">A pi\u00f9 di un anno dall\u2019 inizio della pandemia, considerata la ripresa delle attivit\u00e0 in molteplici settori, \u00e8 fondamentale che i datori di lavoro rimangano al passo con la continua evoluzione della normativa per gestire l\u2019emergenza e la sicurezza dei lavoratori.<\/p>\n<p style=\"text-align: justify;\">Sono infatti tutt\u2019altro che marginali gli obblighi che gravano per realizzare la dovuta protezione dei dipendenti dal rischio di contagio.<\/p>\n<p style=\"text-align: justify;\">La base di partenza rimane quanto disposto dal T.U. 81\/80 e dalla previsione ex art. 2087 c.c. secondo cui, l\u2019imprenditore, \u00e8 tenuto ad adottare le misure necessarie per la tutela dell\u2019integrit\u00e0 fisica e della personalit\u00e0 morale dei prestatori di lavoro.<\/p>\n<p style=\"text-align: justify;\">A ci\u00f2, con specifico riferimento al Covid-19, si sono aggiunti numerosi Protocolli nonch\u00e9 le norme speciali adottate dal legislatore per la fase emergenziale.<\/p>\n<p style=\"text-align: justify;\">Il quadro che ne emerge, complice anche il continuo mutare delle regole contenitive, appare spesso poco chiaro.<\/p>\n<p style=\"text-align: justify;\">Per questo abbiamo voluto riassumere, senza pretesa di esaustivit\u00e0, alcuni dei principali adempimenti posti a carico dei datori di lavoro e consigli in relazione al Covid-19.<\/p>\n<h4><strong>BUONE PRASSI DEL DATORE DI LAVORO<\/strong><\/h4>\n<p style=\"text-align: justify;\">Si riportano di seguito le principali prassi a cui sono tenuti i datori di lavoro:<\/p>\n<ul>\n<li>Aggiornamento del<strong> Documento di Valutazione dei Rischi<\/strong><\/li>\n<\/ul>\n<p style=\"text-align: justify;\">Si tratta di una valutazione globale e documentata di tutti i rischi per la salute e sicurezza dei lavoratori, finalizzata a individuare le adeguate misure ed alla loro programmazione. L\u2019aggiornamento del DVR andrebbe effettuato in considerazione del fatto che il rischio biologico correlato al Covid-19 \u00e8 definibile come un rischio generico aggravato.<\/p>\n<ul>\n<li>Individuazione, insieme al medico competente, dei lavoratori maggiormente esposti al rischio, anche con riferimento all\u2019evoluzione del concetto di <strong>lavoratore fragile<\/strong>.<\/li>\n<li>Previsione di <strong>protocolli sanitari<\/strong> e quindi predisposizione di misure di contenimento del contagio e <strong>prassi igieniche<\/strong>.<\/li>\n<li>Utilizzo dei <strong>dispositivi di protezione<\/strong> tanto collettivi quanto individuali, con informazione e formazione a riguardo.<\/li>\n<li>Apposizione di idonea <strong>segnaletica<\/strong> di sicurezza.<\/li>\n<\/ul>\n<h4><strong>COSA FARE SE SI SCOPRE LA POSITIVITA\u2019 DI UN LAVORATORE<\/strong><img fetchpriority=\"high\" decoding=\"async\" class=\"size-medium wp-image-12799 alignright\" src=\"https:\/\/studiolegalemigliazza.it\/wp-content\/uploads\/2021\/03\/LAVORO-E-COVID-226x300.png\" alt=\"\" width=\"226\" height=\"300\" \/><\/h4>\n<p style=\"text-align: justify;\">Qualora avvenga una segnalazione di un caso positivo accertato, l\u2019ATS proceder\u00e0 con una indagine epidemiologica per:<\/p>\n<ul>\n<li>Individuare la <strong>fonte di esposizione<\/strong><\/li>\n<li>Identificare i <strong>contatti stretti<\/strong><\/li>\n<\/ul>\n<p style=\"text-align: justify;\">Se il lavoratore risulta occupato presso un\u2019azienda, l\u2019ATS richieder\u00e0 il nominativo del medico competente o, ove questi non sia presente, verr\u00e0 richiesta la piena collaborazione del datore di lavoro.<\/p>\n<p style=\"text-align: justify;\">Dalla collaborazione tra ATS, medico competente e datore seguir\u00e0 la <strong>definizione delle misure di protezione aggiuntive e specifiche<\/strong>. \u00a0Dovr\u00e0 certamente procedersi con la <strong>pulizia straordinaria<\/strong> negli ambienti di lavoro frequentati dal caso positivo.<\/p>\n<h4><strong>COSA FARE SE UN LAVORATORE E\u2019 SINTOMATICO ED HA AVUTO CONTATTI CON UN POSITIVO<\/strong><\/h4>\n<p style=\"text-align: justify;\">Il lavoratore sar\u00e0 gi\u00e0 noto all\u2019ATS ed avr\u00e0 l\u2019obbligo di isolamento domiciliare.<\/p>\n<p style=\"text-align: justify;\">Nel caso in cui si individui un caso sospetto non ancora segnalato, il datore dovr\u00e0 invitarlo a rimanere a casa ed a contattare il proprio medico.<\/p>\n<p style=\"text-align: justify;\">Lo stesso dovr\u00e0 farsi in caso di lavoratore con sintomatologia potenzialmente riconducibile al Covid senza per\u00f2 correlazione con zone o persone a rischio epidemiologico.<\/p>\n<h4><strong>COSA FARE SE UN LAVORATORE E\u2019 IN QUARANTENA O IN SORVEGLIANZA PRECAUZIONALE<\/strong><\/h4>\n<p style=\"text-align: justify;\">Ove possibile e previo accordo, il lavoratore potr\u00e0 continuare a svolgere la sua attivit\u00e0 mediante ricorso al lavoro da casa. In questo caso, quindi solo ove la malattia non sia conclamata, egli si vedr\u00e0 esclusa la tutela previdenziale dalla malattia.<\/p>\n<p style=\"text-align: justify;\">Nei casi in cui ci\u00f2 non sia possibile in relazione alla natura della prestazione, il lavoratore \u00e8 comunque tenuto a svolgere le attivit\u00e0 assegnate dal datore.<\/p>\n<h4><strong>TAMPONE DISPOSTO DAL DATORE DI LAVORO<\/strong><\/h4>\n<p style=\"text-align: justify;\">L\u2019utilizzo di tamponi pu\u00f2 certamente costituire una misura atta a prevenire i rischi di contagio. Tuttavia, non pu\u00f2 costituire un obbligo, occorrendo il consenso libero, specifico, espresso ed inequivocabile del lavoratore.<\/p>\n<p style=\"text-align: justify;\">Solo il medico competente potr\u00e0 trattare i dati personali e particolari relativi ai lavoratori.<\/p>\n<p style=\"text-align: justify;\">Pertanto, il datore di lavoro dovr\u00e0 attenersi alle sue disposizioni e non potr\u00e0 venire a conoscenza di dati inerenti allo stato di salute dei lavoratori.<\/p>\n<h4><strong>V<\/strong><strong>ACCINO DISPOSTO DAL DATORE DI LAVORO<\/strong><\/h4>\n<p style=\"text-align: justify;\">Intanto, occorre premettere che il datore di lavoro n<a href=\"https:\/\/www.garanteprivacy.it\/documents\/10160\/0\/FAQ+-+Trattamento+di+dati+relativi+alla+vaccinazione+anti+Covid-19+nel+contesto+lavorativo+-+versione+vademecum.pdf\/ba389a97-5cc5-6bd5-fef7-debe613524c6?version=1.0#:~:text=Il%20datore%20di%20lavoro%20non,avvenuta%20vaccinazione%20anti%20Covid%2D19.\">on pu\u00f2 chiedere ai propri dipendenti di fornire informazioni sul proprio stato vaccinale<\/a> o copia di documenti che comprovino l\u2018avvenuta vaccinazione anti Covid-19.<\/p>\n<p style=\"text-align: justify;\">Ci\u00f2 vale anche in caso di espresso consenso del lavoratore che, dato lo squilibrio contrattuale, non potr\u00e0 considerarsi valido.<\/p>\n<p style=\"text-align: justify;\">Inoltre, al datore di lavoro non \u00e8 neppure concesso di chiedere al medico competente i nominativi dei dipendenti vaccinati. Egli potr\u00e0 solo assumere giudizi di idoneit\u00e0 alla mansione specifica e le eventuali prescrizioni da parte del medico competente.<\/p>\n<p style=\"text-align: justify;\">In assenza di una disposizione legislativa che faccia chiarezza sul punto, ad oggi nessuna norma prevede che la <a href=\"https:\/\/studiolegalemigliazza.it\/en\/rifiuti-il-vaccino-ti-licenzio-scopriamo-perche-in-realta-non-e-cosi-semplice\/\">vaccinazione<\/a> possa essere intesa quale condizione di accesso nei luoghi di lavoro.<\/p>\n<p style=\"text-align: justify;\">Ciononostante, la questione appare ancora non del tutto pacifica. Infatti, si tratta del delicato contemperamento tra il diritto di rifiutare un trattamento sanitario ed il dovere del datore di garantire la sicurezza dei lavoratori.<\/p>\n<h4><strong>CONCLUSIONI<\/strong><\/h4>\n<p style=\"text-align: justify;\">In conclusione, segnaliamo la recente ordinanza pronunciata dal <a href=\"https:\/\/images.go.wolterskluwer.com\/Web\/WoltersKluwer\/%7B5bbb2653-5b4a-4a9d-b9f7-a04bf4f8e273%7D_tribunale-belluno-ordinanza-19-marzo-2021.pdf\">Tribunale<\/a> di Belluno (9 marzo 2021).<\/p>\n<p style=\"text-align: justify;\">La vicenda ha riguardato alcuni infermieri e operatori di una RSA i quali, pur avendone la possibilit\u00e0, hanno rifiutato di sottoporsi al vaccino anti Covid-19.<\/p>\n<p style=\"text-align: justify;\">Il Giudice ha rilevato il rischio di contagio dei lavoratori e, nell\u2019ottica di valorizzare quanto contenuto nell\u2019art. art. 2087 c.c., ha rimarcato che il prosieguo dell\u2019attivit\u00e0 avrebbe comportato l\u2019inadempimento, da parte del datore, dell\u2019obbligo di tutelare l\u2019integrit\u00e0 fisica dei lavoratori stessi.<\/p>\n<p style=\"text-align: justify;\">E\u2019 stata pertanto ritenuta legittima la decisione del datore di imporre coattivamente le ferie (retribuite).<\/p>\n<p style=\"text-align: justify;\">La vicenda, che certamente non dirime i problemi in merito all\u2019obbligatoriet\u00e0 o meno del vaccino, ha per\u00f2 il pregio di evidenziare la portata dell\u2019art. 2087 c.c.<\/p>\n<p style=\"text-align: justify;\">D\u2019altro canto, ci si chiede: cosa sarebbe successo se non fosse stato possibile mettere i lavoratori in ferie, ad esempio perch\u00e9 esaurito il periodo?<\/p>\n<p style=\"text-align: justify;\">Ricordiamo che, ai sensi del T.U. 81\/80, in caso di inidoneit\u00e0 del lavoratore, espressa dal medico competente, il datore potrebbe disporne l\u2019allontanamento temporaneo e adibirlo ad altra mansione.<\/p>\n<p style=\"text-align: justify;\">E dunque, cosa accadrebbe se non vi fosse la possibilit\u00e0 di adibire il lavoratore ad altre mansioni?<\/p>\n<p style=\"text-align: justify;\">In attesa dell\u2019auspicato intervento normativo, non resta che rimanere al passo con i processi di adeguamento a tutela della salute dei lavoratori. Trattandosi di processi complessi ed in continua evoluzione, il consiglio \u00e8 quello di rivolgersi ad un professionista esperto, il quale, mediante la previsione di idonei protocolli, potr\u00e0 aiutare nella mitigazione del rischio di contagio.<\/p>","protected":false},"excerpt":{"rendered":"<p>A pi\u00f9 di un anno dall\u2019 inizio della pandemia, considerata la ripresa delle attivit\u00e0 in molteplici settori, \u00e8 fondamentale che i datori di lavoro rimangano al passo con la continua evoluzione della normativa per gestire l\u2019emergenza e la sicurezza dei lavoratori. Sono infatti tutt\u2019altro che marginali gli obblighi che gravano per realizzare la dovuta protezione [&hellip;]<\/p>\n","protected":false},"author":3,"featured_media":12798,"comment_status":"closed","ping_status":"closed","sticky":false,"template":"","format":"standard","meta":{"site-sidebar-layout":"default","site-content-layout":"","ast-site-content-layout":"default","site-content-style":"default","site-sidebar-style":"default","ast-global-header-display":"","ast-banner-title-visibility":"","ast-main-header-display":"","ast-hfb-above-header-display":"","ast-hfb-below-header-display":"","ast-hfb-mobile-header-display":"","site-post-title":"","ast-breadcrumbs-content":"","ast-featured-img":"","footer-sml-layout":"","ast-disable-related-posts":"","theme-transparent-header-meta":"","adv-header-id-meta":"","stick-header-meta":"","header-above-stick-meta":"","header-main-stick-meta":"","header-below-stick-meta":"","astra-migrate-meta-layouts":"default","ast-page-background-enabled":"default","ast-page-background-meta":{"desktop":{"background-color":"","background-image":"","background-repeat":"repeat","background-position":"center center","background-size":"auto","background-attachment":"scroll","background-type":"","background-media":"","overlay-type":"","overlay-color":"","overlay-opacity":"","overlay-gradient":""},"tablet":{"background-color":"","background-image":"","background-repeat":"repeat","background-position":"center center","background-size":"auto","background-attachment":"scroll","background-type":"","background-media":"","overlay-type":"","overlay-color":"","overlay-opacity":"","overlay-gradient":""},"mobile":{"background-color":"","background-image":"","background-repeat":"repeat","background-position":"center center","background-size":"auto","background-attachment":"scroll","background-type":"","background-media":"","overlay-type":"","overlay-color":"","overlay-opacity":"","overlay-gradient":""}},"ast-content-background-meta":{"desktop":{"background-color":"var(--ast-global-color-5)","background-image":"","background-repeat":"repeat","background-position":"center center","background-size":"auto","background-attachment":"scroll","background-type":"","background-media":"","overlay-type":"","overlay-color":"","overlay-opacity":"","overlay-gradient":""},"tablet":{"background-color":"var(--ast-global-color-5)","background-image":"","background-repeat":"repeat","background-position":"center center","background-size":"auto","background-attachment":"scroll","background-type":"","background-media":"","overlay-type":"","overlay-color":"","overlay-opacity":"","overlay-gradient":""},"mobile":{"background-color":"var(--ast-global-color-5)","background-image":"","background-repeat":"repeat","background-position":"center center","background-size":"auto","background-attachment":"scroll","background-type":"","background-media":"","overlay-type":"","overlay-color":"","overlay-opacity":"","overlay-gradient":""}},"footnotes":""},"categories":[43],"tags":[],"class_list":["post-12796","post","type-post","status-publish","format-standard","has-post-thumbnail","hentry","category-lavoro"],"_links":{"self":[{"href":"https:\/\/studiolegalemigliazza.it\/en\/wp-json\/wp\/v2\/posts\/12796","targetHints":{"allow":["GET"]}}],"collection":[{"href":"https:\/\/studiolegalemigliazza.it\/en\/wp-json\/wp\/v2\/posts"}],"about":[{"href":"https:\/\/studiolegalemigliazza.it\/en\/wp-json\/wp\/v2\/types\/post"}],"author":[{"embeddable":true,"href":"https:\/\/studiolegalemigliazza.it\/en\/wp-json\/wp\/v2\/users\/3"}],"replies":[{"embeddable":true,"href":"https:\/\/studiolegalemigliazza.it\/en\/wp-json\/wp\/v2\/comments?post=12796"}],"version-history":[{"count":0,"href":"https:\/\/studiolegalemigliazza.it\/en\/wp-json\/wp\/v2\/posts\/12796\/revisions"}],"wp:featuredmedia":[{"embeddable":true,"href":"https:\/\/studiolegalemigliazza.it\/en\/wp-json\/wp\/v2\/media\/12798"}],"wp:attachment":[{"href":"https:\/\/studiolegalemigliazza.it\/en\/wp-json\/wp\/v2\/media?parent=12796"}],"wp:term":[{"taxonomy":"category","embeddable":true,"href":"https:\/\/studiolegalemigliazza.it\/en\/wp-json\/wp\/v2\/categories?post=12796"},{"taxonomy":"post_tag","embeddable":true,"href":"https:\/\/studiolegalemigliazza.it\/en\/wp-json\/wp\/v2\/tags?post=12796"}],"curies":[{"name":"wp","href":"https:\/\/api.w.org\/{rel}","templated":true}]}}