{"id":12390,"date":"2020-04-14T16:28:15","date_gmt":"2020-04-14T16:28:15","guid":{"rendered":"https:\/\/studiolegalemigliazza.it\/?p=12390"},"modified":"2021-06-12T14:56:48","modified_gmt":"2021-06-12T14:56:48","slug":"coronavirus-e-italia-le-ultime-novita","status":"publish","type":"post","link":"https:\/\/studiolegalemigliazza.it\/en\/coronavirus-e-italia-le-ultime-novita\/","title":{"rendered":"Coronavirus e Italia: le ultime novit\u00e0"},"content":{"rendered":"<p>Il Presidente del Consiglio dei ministri Giuseppe Conte, venerd\u00ec 10 aprile, ha emanato un <strong>nuovo <a href=\"https:\/\/www.gazzettaufficiale.it\/atto\/serie_generale\/caricaDettaglioAtto\/originario?atto.dataPubblicazioneGazzetta=2020-04-11&amp;atto.codiceRedazionale=20A02179&amp;elenco30giorni=true\" target=\"_blank\" rel=\"noopener noreferrer\">DPCM<\/a><\/strong>\u00a0 con cui sono state prorogate le misure restrittive sino al 3 maggio.<br \/>\n\u00c8 stato tempestivo anche l\u2019intervento del Presidente Fontana che l\u201911 aprile ha firmato la nuova <b><a href=\"https:\/\/www.regione.lombardia.it\/wps\/portal\/istituzionale\/HP\/DettaglioRedazionale\/servizi-e-informazioni\/cittadini\/salute-e-prevenzione\/Prevenzione-e-benessere\/red-coronavirusnuoviaggiornamenti\" target=\"_blank\" rel=\"noopener noreferrer\">Ordinanza<\/a> n. 528<\/b>.<\/p>\n<p><em>Cosa cambia? Cosa rimane invariato?<\/em><br \/>\nPer quanto riguarda le attivit\u00e0 commerciali, con il DPCM, che oltre a salvaguardare la nostra salute mira anche a far ripartire le attivit\u00e0 economiche, sono previste alcune <strong>parziali riaperture<\/strong>: infatti dal 14 aprile potranno riaprire le cartolerie, le librerie e i negozi di vestiti per neonati e bambini cos\u00ec come potranno riprendere le attivit\u00e0 legate alla silvicoltura e l\u2019industria del legno.<br \/>\nTuttavia, visto il crescente numero di contagi in Lombardia, il Presidente della Regione non ha accolto questa decisione ed ha optato per consentire la vendita di libri e articoli di cancelleria solo negli ipermercati e nei supermercati oppure tramite la vendita via internet, per corrispondenza telefonica, televisiva e radiofonica.<\/p>\n<p>Per quanto riguarda il restante commercio al dettaglio, poich\u00e9 \u00e8 ripreso quanto stabilito nell\u2019Ordinanza n. 522 del 6 aprile rimandiamo all\u2019articolo dedicato \u201c<a href=\"https:\/\/studiolegalemigliazza.it\/en\/coronavirus-ordinanza-regionale-522-del-06-04-2020-il-punto-ad-oggi\/\" target=\"_blank\" rel=\"noopener noreferrer\">Ordinanza regionale 522 del 06.04.2020<\/a>\u201d.<\/p>\n<p>Non ci sono, invece, differenze o modifiche circa le modalit\u00e0 di svolgimento di attivit\u00e0 lavorative, scolastiche e ludiche.<\/p>\n<p>Lo stesso vale anche per le possibilit\u00e0 di <strong>spostamento<\/strong>: permane il divieto di spostamento in comuni diversi rispetto a quello in cui attualmente ci si trova ad eccezione di comprate esigenze lavorative, di assoluta urgenza ovvero per motivi di salute. Divieto ripreso e confermato dall\u2019Ordinanza che sottolinea l\u2019obbligo di non superare il limite massimo di distanza dalla propria abitazione (200 metri) e che introduce l\u2019obbligo, nel momento in cui ci si debba recare fuori dall\u2019abitazione, <strong>di indossare la mascherina<\/strong> o, in mancanza della stessa, qualunque altro indumento idoneo a coprire naso e bocca.<\/p>\n<p><em>Cosa \u00e8 previsto per le attivit\u00e0 produttive industriali e commerciali?<\/em><br \/>\nIl <strong>trasporto delle merci<\/strong> \u00e8 considerato come un\u2019esigenza lavorativa per questo l\u2019art.2, comma 5 del DPCM consente l\u2019attivit\u00e0 di produzione, trasporto, commercializzazione e consegna di farmaci, tecnologia sanitaria e dispositivi medico-chirurgici nonch\u00e9 di prodotti agricoli e alimentari, ci\u00f2 significa che il personale che conduce i mezzi di trasporto pu\u00f2 spostarsi, limitatamente alle esigenze di consegna o prelievo delle merci.<\/p>\n<p>\u00c8 infine ammessa ogni altra attivit\u00e0 funzionale a fronteggiare l\u2019emergenza.<\/p>\n<p><em>Come \u00e8 gestita la mobilit\u00e0 delle persone?<\/em><br \/>\nAnche le misure restrittive della mobilit\u00e0 delle persone sono state prorogate al 3 maggio con il Decreto del 12 aprile 2020 firmato dal Ministro delle infrastrutture e dei trasporti e dal Ministro della Salute.<\/p>\n<p>In concreto \u00e8 previsto:<\/p>\n<ul>\n<li>\u00a0Per il <strong>trasporto aereo<\/strong> sono assicurati i servizi minimi essenziali per i voli di stato, trasporto organi, canadair e servizi emergenziali. Sono poi consentiti i voli motivati da comprovate esigenze lavorative o situazioni di necessit\u00e0 ovvero effettuati per motivi di salute;<\/li>\n<li>Il <strong>trasporto ferroviario<\/strong> \u00e8 garantito al minimo essenziale sia per le attivit\u00e0 di mercato sia per quelle svolte in base a contratti di servizio per la lunga percorrenza stipulati da Trenitalia con il Ministero delle Infrastrutture e dei Trasporti, con almeno una coppia di collegamento su ogni direttrice;<\/li>\n<li>Alla pari del servizio ferroviario, sono assicurati i servizi minimi essenziali anche per i <strong>servizi automobilistici<\/strong>;<\/li>\n<li>Rimangono invariate le <strong>limitazioni<\/strong> dei collegamenti con le due isole principali, <strong>Sicilia e Sardegna<\/strong>: \u00e8 sospeso il trasporto marittimo e\\o aereo dei viaggiatori tranne che per i casi in cui sia motivato da improrogabili esigenze di connessione territoriale con la penisola. Al contrario continua ad essere assicurato esclusivamente il trasporto delle merci possibilmente su unit\u00e0 di carico isolate non accompagnate.<\/li>\n<\/ul>","protected":false},"excerpt":{"rendered":"<p>Il Presidente del Consiglio dei ministri Giuseppe Conte, venerd\u00ec 10 aprile, ha emanato un nuovo DPCM\u00a0 con cui sono state prorogate le misure restrittive sino al 3 maggio. \u00c8 stato tempestivo anche l\u2019intervento del Presidente Fontana che l\u201911 aprile ha firmato la nuova Ordinanza n. 528. Cosa cambia? Cosa rimane invariato? Per quanto riguarda le [&hellip;]<\/p>\n","protected":false},"author":3,"featured_media":12391,"comment_status":"closed","ping_status":"closed","sticky":false,"template":"","format":"standard","meta":{"site-sidebar-layout":"default","site-content-layout":"","ast-site-content-layout":"default","site-content-style":"default","site-sidebar-style":"default","ast-global-header-display":"","ast-banner-title-visibility":"","ast-main-header-display":"","ast-hfb-above-header-display":"","ast-hfb-below-header-display":"","ast-hfb-mobile-header-display":"","site-post-title":"","ast-breadcrumbs-content":"","ast-featured-img":"","footer-sml-layout":"","ast-disable-related-posts":"","theme-transparent-header-meta":"","adv-header-id-meta":"","stick-header-meta":"","header-above-stick-meta":"","header-main-stick-meta":"","header-below-stick-meta":"","astra-migrate-meta-layouts":"default","ast-page-background-enabled":"default","ast-page-background-meta":{"desktop":{"background-color":"","background-image":"","background-repeat":"repeat","background-position":"center center","background-size":"auto","background-attachment":"scroll","background-type":"","background-media":"","overlay-type":"","overlay-color":"","overlay-opacity":"","overlay-gradient":""},"tablet":{"background-color":"","background-image":"","background-repeat":"repeat","background-position":"center center","background-size":"auto","background-attachment":"scroll","background-type":"","background-media":"","overlay-type":"","overlay-color":"","overlay-opacity":"","overlay-gradient":""},"mobile":{"background-color":"","background-image":"","background-repeat":"repeat","background-position":"center center","background-size":"auto","background-attachment":"scroll","background-type":"","background-media":"","overlay-type":"","overlay-color":"","overlay-opacity":"","overlay-gradient":""}},"ast-content-background-meta":{"desktop":{"background-color":"var(--ast-global-color-5)","background-image":"","background-repeat":"repeat","background-position":"center center","background-size":"auto","background-attachment":"scroll","background-type":"","background-media":"","overlay-type":"","overlay-color":"","overlay-opacity":"","overlay-gradient":""},"tablet":{"background-color":"var(--ast-global-color-5)","background-image":"","background-repeat":"repeat","background-position":"center center","background-size":"auto","background-attachment":"scroll","background-type":"","background-media":"","overlay-type":"","overlay-color":"","overlay-opacity":"","overlay-gradient":""},"mobile":{"background-color":"var(--ast-global-color-5)","background-image":"","background-repeat":"repeat","background-position":"center center","background-size":"auto","background-attachment":"scroll","background-type":"","background-media":"","overlay-type":"","overlay-color":"","overlay-opacity":"","overlay-gradient":""}},"footnotes":""},"categories":[43],"tags":[],"class_list":["post-12390","post","type-post","status-publish","format-standard","has-post-thumbnail","hentry","category-lavoro"],"_links":{"self":[{"href":"https:\/\/studiolegalemigliazza.it\/en\/wp-json\/wp\/v2\/posts\/12390","targetHints":{"allow":["GET"]}}],"collection":[{"href":"https:\/\/studiolegalemigliazza.it\/en\/wp-json\/wp\/v2\/posts"}],"about":[{"href":"https:\/\/studiolegalemigliazza.it\/en\/wp-json\/wp\/v2\/types\/post"}],"author":[{"embeddable":true,"href":"https:\/\/studiolegalemigliazza.it\/en\/wp-json\/wp\/v2\/users\/3"}],"replies":[{"embeddable":true,"href":"https:\/\/studiolegalemigliazza.it\/en\/wp-json\/wp\/v2\/comments?post=12390"}],"version-history":[{"count":0,"href":"https:\/\/studiolegalemigliazza.it\/en\/wp-json\/wp\/v2\/posts\/12390\/revisions"}],"wp:featuredmedia":[{"embeddable":true,"href":"https:\/\/studiolegalemigliazza.it\/en\/wp-json\/wp\/v2\/media\/12391"}],"wp:attachment":[{"href":"https:\/\/studiolegalemigliazza.it\/en\/wp-json\/wp\/v2\/media?parent=12390"}],"wp:term":[{"taxonomy":"category","embeddable":true,"href":"https:\/\/studiolegalemigliazza.it\/en\/wp-json\/wp\/v2\/categories?post=12390"},{"taxonomy":"post_tag","embeddable":true,"href":"https:\/\/studiolegalemigliazza.it\/en\/wp-json\/wp\/v2\/tags?post=12390"}],"curies":[{"name":"wp","href":"https:\/\/api.w.org\/{rel}","templated":true}]}}